{"id":81958,"date":"2025-04-11T08:55:02","date_gmt":"2025-04-11T08:55:02","guid":{"rendered":"https:\/\/aurumbikes.com\/?p=81958"},"modified":"2025-04-11T08:55:04","modified_gmt":"2025-04-11T08:55:04","slug":"aurum-bikes-y-el-team-polti-visitmalta-en-el-giro-ditalia-2025-por-quinto-ano-consecutivo","status":"publish","type":"post","link":"https:\/\/aurumbikes.com\/es\/aurum-bikes-y-el-team-polti-visitmalta-en-el-giro-ditalia-2025-por-quinto-ano-consecutivo\/","title":{"rendered":"AURUM Bikes y el Team Polti VisitMalta en el Giro D&#8217;Italia 2025, por quinto a\u00f1o consecutivo"},"content":{"rendered":"\n<div style=\"height:51px\" aria-hidden=\"true\" class=\"wp-block-spacer\"><\/div>\n\n\n<div class=\"wp-block-image\">\n<figure class=\"aligncenter size-large\"><img fetchpriority=\"high\" decoding=\"async\" width=\"1024\" height=\"819\" src=\"https:\/\/aurumbikes.com\/wp-content\/uploads\/2025\/04\/Polti-VisitMalta-enero2025-14-1024x819.jpg\" alt=\"\" class=\"wp-image-81961\" srcset=\"https:\/\/aurumbikes.com\/wp-content\/uploads\/2025\/04\/Polti-VisitMalta-enero2025-14-1024x819.jpg 1024w, https:\/\/aurumbikes.com\/wp-content\/uploads\/2025\/04\/Polti-VisitMalta-enero2025-14-300x240.jpg 300w, https:\/\/aurumbikes.com\/wp-content\/uploads\/2025\/04\/Polti-VisitMalta-enero2025-14-768x614.jpg 768w, https:\/\/aurumbikes.com\/wp-content\/uploads\/2025\/04\/Polti-VisitMalta-enero2025-14-1536x1229.jpg 1536w, https:\/\/aurumbikes.com\/wp-content\/uploads\/2025\/04\/Polti-VisitMalta-enero2025-14-1080x864.jpg 1080w, https:\/\/aurumbikes.com\/wp-content\/uploads\/2025\/04\/Polti-VisitMalta-enero2025-14.jpg 2048w\" sizes=\"(max-width: 1024px) 100vw, 1024px\" \/><\/figure><\/div>\n\n\n<div style=\"height:51px\" aria-hidden=\"true\" class=\"wp-block-spacer\"><\/div>\n\n\n\n<p>La marca de bicicletas de alto rendimiento fundada por Alberto Contador e Ivan Basso en septiembre de 2020 estar\u00e1, por quinto a\u00f1o consecutivo, en la l\u00ednea de salida del <strong>Giro d\u2019Italia<\/strong>, una de las tres grandes vueltas del calendario WorldTour y, sin duda, una de las m\u00e1s bellas y exigentes del mundo.<\/p>\n\n\n\n<p>La <em>Corsa Rosa<\/em>, que celebra en 2025 su edici\u00f3n n\u00famero 108, ha sido hist\u00f3ricamente el escenario donde nacen las leyendas del ciclismo. De Fausto Coppi y Gino Bartali a Miguel Indurain, Marco Pantani, Vincenzo Nibali o los propios Ivan Basso y Alberto Contador \u2014quien cuenta sus participaciones en el Giro por victorias, nada menos que tres\u2014, esta carrera representa el esp\u00edritu de lucha, \u00e9pica y superaci\u00f3n que define tambi\u00e9n a AURUM.<\/p>\n\n\n\n<p>Nacida con un enfoque claro: dise\u00f1ar la bicicleta que los propios Basso y Contador habr\u00edan querido tener en su \u00e9poca de profesionales, <strong>AURUM<\/strong> se concibi\u00f3 desde el primer d\u00eda como una marca destinada a la competici\u00f3n del m\u00e1s alto nivel. Meses&nbsp; despu\u00e9s de su fundaci\u00f3n, en 2021, la marca se integr\u00f3 en el proyecto deportivo de la <strong>Fundaci\u00f3n Alberto Contador<\/strong> como proveedor oficial del equipo EOLO-KOMETA, de categor\u00eda UCI ProTeam.<\/p>\n\n\n\n<p>Ese mismo a\u00f1o, AURUM debut\u00f3 en una gran vuelta con su modelo insignia, la <strong>MAGMA<\/strong>, y lo hizo por todo lo alto: una victoria de etapa en el m\u00edtico <strong>Monte Zoncolan<\/strong>, uno de los puertos m\u00e1s legendarios del ciclismo moderno. El responsable de esa haza\u00f1a fue <strong>Lorenzo Fortunato<\/strong>, que firm\u00f3 una jornada hist\u00f3rica para la joven marca \u2014apenas 221 d\u00edas despu\u00e9s de su creaci\u00f3n\u2014 convirtiendo a AURUM en la marca m\u00e1s joven en ganar una etapa en una gran vuelta.<\/p>\n\n\n\n<div style=\"height:51px\" aria-hidden=\"true\" class=\"wp-block-spacer\"><\/div>\n\n\n<div class=\"wp-block-image\">\n<figure class=\"aligncenter size-large\"><img decoding=\"async\" width=\"1024\" height=\"683\" src=\"https:\/\/aurumbikes.com\/wp-content\/uploads\/2025\/04\/Polti-VisitMalta-enero2025-02-1024x683.jpg\" alt=\"\" class=\"wp-image-81967\" srcset=\"https:\/\/aurumbikes.com\/wp-content\/uploads\/2025\/04\/Polti-VisitMalta-enero2025-02-1024x683.jpg 1024w, https:\/\/aurumbikes.com\/wp-content\/uploads\/2025\/04\/Polti-VisitMalta-enero2025-02-300x200.jpg 300w, https:\/\/aurumbikes.com\/wp-content\/uploads\/2025\/04\/Polti-VisitMalta-enero2025-02-768x512.jpg 768w, https:\/\/aurumbikes.com\/wp-content\/uploads\/2025\/04\/Polti-VisitMalta-enero2025-02-1536x1025.jpg 1536w, https:\/\/aurumbikes.com\/wp-content\/uploads\/2025\/04\/Polti-VisitMalta-enero2025-02-1080x720.jpg 1080w, https:\/\/aurumbikes.com\/wp-content\/uploads\/2025\/04\/Polti-VisitMalta-enero2025-02.jpg 2048w\" sizes=\"(max-width: 1024px) 100vw, 1024px\" \/><\/figure><\/div>\n\n\n<div style=\"height:51px\" aria-hidden=\"true\" class=\"wp-block-spacer\"><\/div>\n\n\n\n<p>Dos a\u00f1os despu\u00e9s, en 2023, la MAGMA volvi\u00f3 a alzarse con los brazos en alto en otro final imponente: <strong>Gran Sasso d\u2019Italia<\/strong>, cima de la s\u00e9ptima etapa. En esta ocasi\u00f3n fue <strong>Davide Bais<\/strong> quien culmin\u00f3 una escapada de larga distancia con una victoria \u00e9pica. Tres participaciones en el Giro, dos victorias de etapa: un palmar\u00e9s que habla por s\u00ed solo.<\/p>\n\n\n\n<p>En 2024, el equipo dio un paso m\u00e1s en su ambici\u00f3n de alcanzar el WorldTour, sumando a <strong>Polti<\/strong>, la hist\u00f3rica marca italiana, como patrocinador principal. As\u00ed naci\u00f3 el <strong>Team Polti Kometa<\/strong>, que se present\u00f3 al mundo en el Giro con una actuaci\u00f3n combativa y comprometida en cada una de las 21 etapas. Aunque no se logr\u00f3 la tan deseada victoria, el espect\u00e1culo corri\u00f3 a cargo de nombres como <strong>Tadej Poga\u010dar<\/strong>, que firm\u00f3 una de las ediciones m\u00e1s dominantes de los \u00faltimos tiempos y se encamin\u00f3 hacia el doblete Giro-Tour.<\/p>\n\n\n\n<p>Este 2025 representa <strong>el a\u00f1o de la consolidaci\u00f3n<\/strong> tanto para AURUM como para el equipo profesional, ahora bajo el nombre de <strong>Team Polti VisitMalta<\/strong>. Gracias a una nueva invitaci\u00f3n (<em>wild card<\/em>) por parte de RCS Sport, organizadores del Giro, el equipo estar\u00e1 de nuevo en la salida el pr\u00f3ximo 8 de mayo, dispuesto a seguir escribiendo historia.<\/p>\n\n\n\n<p>Para AURUM, estar presente en una gran vuelta no solo supone visibilidad: es tambi\u00e9n un laboratorio de pruebas sin igual. La <a href=\"\/es\/magma\/\">MAGMA<\/a>, ahora en su <strong>segunda generaci\u00f3n<\/strong>, ha evolucionado gracias al feedback directo de los ciclistas profesionales, afinando cada detalle aerodin\u00e1mico y t\u00e9cnico para mantenerse en la \u00e9lite. Este modelo cuenta con <strong>puntera trasera UDH<\/strong>, <strong>eje de pedalier roscado T47<\/strong> y un generoso <strong>paso de rueda de hasta 35 mm<\/strong>, lo que la convierte en una m\u00e1quina vers\u00e1til, agresiva y lista para cualquier desaf\u00edo competitivo.<\/p>\n\n\n\n<p>La alianza con la Fundaci\u00f3n Alberto Contador es parte del ADN de AURUM: un proyecto construido sobre valores de superaci\u00f3n, pasi\u00f3n por el ciclismo y un compromiso firme con el desarrollo del talento. En este 2025, el objetivo es claro: seguir creciendo, seguir inspirando y, por qu\u00e9 no, alcanzar esa <strong>tercera victoria de etapa<\/strong> en el Giro d\u2019Italia.<\/p>\n","protected":false},"excerpt":{"rendered":"<p>La marca de bicicletas de alto rendimiento fundada por Alberto Contador e Ivan Basso en septiembre de 2020 estar\u00e1, por quinto a\u00f1o consecutivo, en la l\u00ednea de salida del Giro d\u2019Italia, una de las tres grandes vueltas del calendario WorldTour y, sin duda, una de las m\u00e1s bellas y exigentes del mundo. La Corsa Rosa, [&hellip;]<\/p>\n","protected":false},"author":1,"featured_media":81961,"comment_status":"closed","ping_status":"closed","sticky":false,"template":"","format":"standard","meta":{"footnotes":"","mc4wp_mailchimp_campaign":[]},"categories":[],"tags":[],"yoast_head":"<!-- This site is optimized with the Yoast SEO plugin v22.6 - https:\/\/yoast.com\/wordpress\/plugins\/seo\/ -->\n<title>AURUM Bikes en el Giro d&#039;Italia 2025 | AURUM<\/title>\n<meta name=\"description\" content=\"Te contamos c\u00f3mo estar\u00e1 presente AURUM en el Giro d&#039;Italia 2025, gracias al equipo Team Polti VisitMalta y a la Fundaci\u00f3n Alberto Contador. \u00a1Desc\u00fabrelo!\" \/>\n<meta name=\"robots\" content=\"index, follow, max-snippet:-1, max-image-preview:large, max-video-preview:-1\" \/>\n<link rel=\"canonical\" href=\"https:\/\/aurumbikes.com\/es\/aurum-bikes-y-el-team-polti-visitmalta-en-el-giro-ditalia-2025-por-quinto-ano-consecutivo\/\" \/>\n<meta property=\"og:locale\" content=\"es_ES\" \/>\n<meta property=\"og:type\" content=\"article\" \/>\n<meta property=\"og:title\" content=\"AURUM Bikes en el Giro d&#039;Italia 2025 | AURUM\" \/>\n<meta property=\"og:description\" content=\"Te contamos c\u00f3mo estar\u00e1 presente AURUM en el Giro d&#039;Italia 2025, gracias al equipo Team Polti VisitMalta y a la Fundaci\u00f3n Alberto Contador. \u00a1Desc\u00fabrelo!\" \/>\n<meta property=\"og:url\" content=\"https:\/\/aurumbikes.com\/es\/aurum-bikes-y-el-team-polti-visitmalta-en-el-giro-ditalia-2025-por-quinto-ano-consecutivo\/\" \/>\n<meta property=\"og:site_name\" content=\"Aurum Bikes\" \/>\n<meta property=\"article:publisher\" content=\"https:\/\/www.facebook.com\/AURUMbikes\" \/>\n<meta property=\"article:published_time\" content=\"2025-04-11T08:55:02+00:00\" \/>\n<meta property=\"article:modified_time\" content=\"2025-04-11T08:55:04+00:00\" \/>\n<meta property=\"og:image\" content=\"https:\/\/aurumbikes.com\/wp-content\/uploads\/2025\/04\/Polti-VisitMalta-enero2025-14.jpg\" \/>\n\t<meta property=\"og:image:width\" content=\"2048\" \/>\n\t<meta property=\"og:image:height\" content=\"1638\" \/>\n\t<meta property=\"og:image:type\" content=\"image\/jpeg\" \/>\n<meta name=\"author\" content=\"admin\" \/>\n<meta name=\"twitter:card\" content=\"summary_large_image\" \/>\n<meta name=\"twitter:label1\" content=\"Escrito por\" \/>\n\t<meta name=\"twitter:data1\" content=\"admin\" \/>\n\t<meta name=\"twitter:label2\" content=\"Tiempo de lectura\" \/>\n\t<meta name=\"twitter:data2\" content=\"4 minutos\" \/>\n<script type=\"application\/ld+json\" class=\"yoast-schema-graph\">{\"@context\":\"https:\/\/schema.org\",\"@graph\":[{\"@type\":\"WebPage\",\"@id\":\"https:\/\/aurumbikes.com\/es\/aurum-bikes-y-el-team-polti-visitmalta-en-el-giro-ditalia-2025-por-quinto-ano-consecutivo\/\",\"url\":\"https:\/\/aurumbikes.com\/es\/aurum-bikes-y-el-team-polti-visitmalta-en-el-giro-ditalia-2025-por-quinto-ano-consecutivo\/\",\"name\":\"AURUM Bikes en el Giro d'Italia 2025 | AURUM\",\"isPartOf\":{\"@id\":\"https:\/\/aurumbikes.com\/es\/#website\"},\"primaryImageOfPage\":{\"@id\":\"https:\/\/aurumbikes.com\/es\/aurum-bikes-y-el-team-polti-visitmalta-en-el-giro-ditalia-2025-por-quinto-ano-consecutivo\/#primaryimage\"},\"image\":{\"@id\":\"https:\/\/aurumbikes.com\/es\/aurum-bikes-y-el-team-polti-visitmalta-en-el-giro-ditalia-2025-por-quinto-ano-consecutivo\/#primaryimage\"},\"thumbnailUrl\":\"https:\/\/aurumbikes.com\/wp-content\/uploads\/2025\/04\/Polti-VisitMalta-enero2025-14.jpg\",\"datePublished\":\"2025-04-11T08:55:02+00:00\",\"dateModified\":\"2025-04-11T08:55:04+00:00\",\"author\":{\"@id\":\"https:\/\/aurumbikes.com\/es\/#\/schema\/person\/bdbf61255aaab7d4687d302b903ae051\"},\"description\":\"Te contamos c\u00f3mo estar\u00e1 presente AURUM en el Giro d'Italia 2025, gracias al equipo Team Polti VisitMalta y a la Fundaci\u00f3n Alberto Contador. \u00a1Desc\u00fabrelo!\",\"breadcrumb\":{\"@id\":\"https:\/\/aurumbikes.com\/es\/aurum-bikes-y-el-team-polti-visitmalta-en-el-giro-ditalia-2025-por-quinto-ano-consecutivo\/#breadcrumb\"},\"inLanguage\":\"es\",\"potentialAction\":[{\"@type\":\"ReadAction\",\"target\":[\"https:\/\/aurumbikes.com\/es\/aurum-bikes-y-el-team-polti-visitmalta-en-el-giro-ditalia-2025-por-quinto-ano-consecutivo\/\"]}]},{\"@type\":\"ImageObject\",\"inLanguage\":\"es\",\"@id\":\"https:\/\/aurumbikes.com\/es\/aurum-bikes-y-el-team-polti-visitmalta-en-el-giro-ditalia-2025-por-quinto-ano-consecutivo\/#primaryimage\",\"url\":\"https:\/\/aurumbikes.com\/wp-content\/uploads\/2025\/04\/Polti-VisitMalta-enero2025-14.jpg\",\"contentUrl\":\"https:\/\/aurumbikes.com\/wp-content\/uploads\/2025\/04\/Polti-VisitMalta-enero2025-14.jpg\",\"width\":2048,\"height\":1638},{\"@type\":\"BreadcrumbList\",\"@id\":\"https:\/\/aurumbikes.com\/es\/aurum-bikes-y-el-team-polti-visitmalta-en-el-giro-ditalia-2025-por-quinto-ano-consecutivo\/#breadcrumb\",\"itemListElement\":[{\"@type\":\"ListItem\",\"position\":1,\"name\":\"Home\",\"item\":\"https:\/\/aurumbikes.com\/es\/\"},{\"@type\":\"ListItem\",\"position\":2,\"name\":\"AURUM Bikes y el Team Polti VisitMalta en el Giro D&#8217;Italia 2025, por quinto a\u00f1o consecutivo\"}]},{\"@type\":\"WebSite\",\"@id\":\"https:\/\/aurumbikes.com\/es\/#website\",\"url\":\"https:\/\/aurumbikes.com\/es\/\",\"name\":\"Aurum Bikes\",\"description\":\"Born From Experience\",\"potentialAction\":[{\"@type\":\"SearchAction\",\"target\":{\"@type\":\"EntryPoint\",\"urlTemplate\":\"https:\/\/aurumbikes.com\/es\/?s={search_term_string}\"},\"query-input\":\"required name=search_term_string\"}],\"inLanguage\":\"es\"},{\"@type\":\"Person\",\"@id\":\"https:\/\/aurumbikes.com\/es\/#\/schema\/person\/bdbf61255aaab7d4687d302b903ae051\",\"name\":\"admin\",\"image\":{\"@type\":\"ImageObject\",\"inLanguage\":\"es\",\"@id\":\"https:\/\/aurumbikes.com\/es\/#\/schema\/person\/image\/\",\"url\":\"https:\/\/secure.gravatar.com\/avatar\/5e0c1d598f3d4606615882fdf35f6031?s=96&d=mm&r=g\",\"contentUrl\":\"https:\/\/secure.gravatar.com\/avatar\/5e0c1d598f3d4606615882fdf35f6031?s=96&d=mm&r=g\",\"caption\":\"admin\"}}]}<\/script>\n<!-- \/ Yoast SEO plugin. -->","yoast_head_json":{"title":"AURUM Bikes en el Giro d'Italia 2025 | AURUM","description":"Te contamos c\u00f3mo estar\u00e1 presente AURUM en el Giro d'Italia 2025, gracias al equipo Team Polti VisitMalta y a la Fundaci\u00f3n Alberto Contador. \u00a1Desc\u00fabrelo!","robots":{"index":"index","follow":"follow","max-snippet":"max-snippet:-1","max-image-preview":"max-image-preview:large","max-video-preview":"max-video-preview:-1"},"canonical":"https:\/\/aurumbikes.com\/es\/aurum-bikes-y-el-team-polti-visitmalta-en-el-giro-ditalia-2025-por-quinto-ano-consecutivo\/","og_locale":"es_ES","og_type":"article","og_title":"AURUM Bikes en el Giro d'Italia 2025 | AURUM","og_description":"Te contamos c\u00f3mo estar\u00e1 presente AURUM en el Giro d'Italia 2025, gracias al equipo Team Polti VisitMalta y a la Fundaci\u00f3n Alberto Contador. \u00a1Desc\u00fabrelo!","og_url":"https:\/\/aurumbikes.com\/es\/aurum-bikes-y-el-team-polti-visitmalta-en-el-giro-ditalia-2025-por-quinto-ano-consecutivo\/","og_site_name":"Aurum Bikes","article_publisher":"https:\/\/www.facebook.com\/AURUMbikes","article_published_time":"2025-04-11T08:55:02+00:00","article_modified_time":"2025-04-11T08:55:04+00:00","og_image":[{"width":2048,"height":1638,"url":"https:\/\/aurumbikes.com\/wp-content\/uploads\/2025\/04\/Polti-VisitMalta-enero2025-14.jpg","type":"image\/jpeg"}],"author":"admin","twitter_card":"summary_large_image","twitter_misc":{"Escrito por":"admin","Tiempo de lectura":"4 minutos"},"schema":{"@context":"https:\/\/schema.org","@graph":[{"@type":"WebPage","@id":"https:\/\/aurumbikes.com\/es\/aurum-bikes-y-el-team-polti-visitmalta-en-el-giro-ditalia-2025-por-quinto-ano-consecutivo\/","url":"https:\/\/aurumbikes.com\/es\/aurum-bikes-y-el-team-polti-visitmalta-en-el-giro-ditalia-2025-por-quinto-ano-consecutivo\/","name":"AURUM Bikes en el Giro d'Italia 2025 | AURUM","isPartOf":{"@id":"https:\/\/aurumbikes.com\/es\/#website"},"primaryImageOfPage":{"@id":"https:\/\/aurumbikes.com\/es\/aurum-bikes-y-el-team-polti-visitmalta-en-el-giro-ditalia-2025-por-quinto-ano-consecutivo\/#primaryimage"},"image":{"@id":"https:\/\/aurumbikes.com\/es\/aurum-bikes-y-el-team-polti-visitmalta-en-el-giro-ditalia-2025-por-quinto-ano-consecutivo\/#primaryimage"},"thumbnailUrl":"https:\/\/aurumbikes.com\/wp-content\/uploads\/2025\/04\/Polti-VisitMalta-enero2025-14.jpg","datePublished":"2025-04-11T08:55:02+00:00","dateModified":"2025-04-11T08:55:04+00:00","author":{"@id":"https:\/\/aurumbikes.com\/es\/#\/schema\/person\/bdbf61255aaab7d4687d302b903ae051"},"description":"Te contamos c\u00f3mo estar\u00e1 presente AURUM en el Giro d'Italia 2025, gracias al equipo Team Polti VisitMalta y a la Fundaci\u00f3n Alberto Contador. \u00a1Desc\u00fabrelo!","breadcrumb":{"@id":"https:\/\/aurumbikes.com\/es\/aurum-bikes-y-el-team-polti-visitmalta-en-el-giro-ditalia-2025-por-quinto-ano-consecutivo\/#breadcrumb"},"inLanguage":"es","potentialAction":[{"@type":"ReadAction","target":["https:\/\/aurumbikes.com\/es\/aurum-bikes-y-el-team-polti-visitmalta-en-el-giro-ditalia-2025-por-quinto-ano-consecutivo\/"]}]},{"@type":"ImageObject","inLanguage":"es","@id":"https:\/\/aurumbikes.com\/es\/aurum-bikes-y-el-team-polti-visitmalta-en-el-giro-ditalia-2025-por-quinto-ano-consecutivo\/#primaryimage","url":"https:\/\/aurumbikes.com\/wp-content\/uploads\/2025\/04\/Polti-VisitMalta-enero2025-14.jpg","contentUrl":"https:\/\/aurumbikes.com\/wp-content\/uploads\/2025\/04\/Polti-VisitMalta-enero2025-14.jpg","width":2048,"height":1638},{"@type":"BreadcrumbList","@id":"https:\/\/aurumbikes.com\/es\/aurum-bikes-y-el-team-polti-visitmalta-en-el-giro-ditalia-2025-por-quinto-ano-consecutivo\/#breadcrumb","itemListElement":[{"@type":"ListItem","position":1,"name":"Home","item":"https:\/\/aurumbikes.com\/es\/"},{"@type":"ListItem","position":2,"name":"AURUM Bikes y el Team Polti VisitMalta en el Giro D&#8217;Italia 2025, por quinto a\u00f1o consecutivo"}]},{"@type":"WebSite","@id":"https:\/\/aurumbikes.com\/es\/#website","url":"https:\/\/aurumbikes.com\/es\/","name":"Aurum Bikes","description":"Born From Experience","potentialAction":[{"@type":"SearchAction","target":{"@type":"EntryPoint","urlTemplate":"https:\/\/aurumbikes.com\/es\/?s={search_term_string}"},"query-input":"required name=search_term_string"}],"inLanguage":"es"},{"@type":"Person","@id":"https:\/\/aurumbikes.com\/es\/#\/schema\/person\/bdbf61255aaab7d4687d302b903ae051","name":"admin","image":{"@type":"ImageObject","inLanguage":"es","@id":"https:\/\/aurumbikes.com\/es\/#\/schema\/person\/image\/","url":"https:\/\/secure.gravatar.com\/avatar\/5e0c1d598f3d4606615882fdf35f6031?s=96&d=mm&r=g","contentUrl":"https:\/\/secure.gravatar.com\/avatar\/5e0c1d598f3d4606615882fdf35f6031?s=96&d=mm&r=g","caption":"admin"}}]}},"_links":{"self":[{"href":"https:\/\/aurumbikes.com\/es\/wp-json\/wp\/v2\/posts\/81958"}],"collection":[{"href":"https:\/\/aurumbikes.com\/es\/wp-json\/wp\/v2\/posts"}],"about":[{"href":"https:\/\/aurumbikes.com\/es\/wp-json\/wp\/v2\/types\/post"}],"author":[{"embeddable":true,"href":"https:\/\/aurumbikes.com\/es\/wp-json\/wp\/v2\/users\/1"}],"replies":[{"embeddable":true,"href":"https:\/\/aurumbikes.com\/es\/wp-json\/wp\/v2\/comments?post=81958"}],"version-history":[{"count":4,"href":"https:\/\/aurumbikes.com\/es\/wp-json\/wp\/v2\/posts\/81958\/revisions"}],"predecessor-version":[{"id":81974,"href":"https:\/\/aurumbikes.com\/es\/wp-json\/wp\/v2\/posts\/81958\/revisions\/81974"}],"wp:featuredmedia":[{"embeddable":true,"href":"https:\/\/aurumbikes.com\/es\/wp-json\/wp\/v2\/media\/81961"}],"wp:attachment":[{"href":"https:\/\/aurumbikes.com\/es\/wp-json\/wp\/v2\/media?parent=81958"}],"wp:term":[{"taxonomy":"category","embeddable":true,"href":"https:\/\/aurumbikes.com\/es\/wp-json\/wp\/v2\/categories?post=81958"},{"taxonomy":"post_tag","embeddable":true,"href":"https:\/\/aurumbikes.com\/es\/wp-json\/wp\/v2\/tags?post=81958"}],"curies":[{"name":"wp","href":"https:\/\/api.w.org\/{rel}","templated":true}]}}