{"id":47733,"date":"2024-05-20T15:52:55","date_gmt":"2024-05-20T15:52:55","guid":{"rendered":"https:\/\/aurumbikes.com\/scotland-land-of-travel-with-manto\/"},"modified":"2024-05-20T16:40:33","modified_gmt":"2024-05-20T16:40:33","slug":"ecosse-terre-de-voyage-avec-manto","status":"publish","type":"post","link":"https:\/\/aurumbikes.com\/fr\/ecosse-terre-de-voyage-avec-manto\/","title":{"rendered":"\u00c9cosse, terre de voyage avec MANTO"},"content":{"rendered":"\t\t<div data-elementor-type=\"wp-post\" data-elementor-id=\"47733\" class=\"elementor elementor-47733 elementor-47695\" data-elementor-post-type=\"post\">\n\t\t\t\t<div class=\"elementor-element elementor-element-1aa8da60 e-flex e-con-boxed e-con e-parent\" data-id=\"1aa8da60\" data-element_type=\"container\">\n\t\t\t\t\t<div class=\"e-con-inner\">\n\t\t\t\t<div class=\"elementor-element elementor-element-d8dcc04 elementor-widget elementor-widget-html\" data-id=\"d8dcc04\" data-element_type=\"widget\" data-widget_type=\"html.default\">\n\t\t\t\t<div class=\"elementor-widget-container\">\n\t\t\t<style>.qodef-page-title {\n  background-position: center;\n}<\/style>\t\t<\/div>\n\t\t\t\t<\/div>\n\t\t\t\t<div class=\"elementor-element elementor-element-4f77d324 elementor-widget elementor-widget-text-editor\" data-id=\"4f77d324\" data-element_type=\"widget\" data-widget_type=\"text-editor.default\">\n\t\t\t\t<div class=\"elementor-widget-container\">\n\t\t\t<style>\/*! elementor - v3.21.0 - 08-05-2024 *\/\n.elementor-widget-text-editor.elementor-drop-cap-view-stacked .elementor-drop-cap{background-color:#69727d;color:#fff}.elementor-widget-text-editor.elementor-drop-cap-view-framed .elementor-drop-cap{color:#69727d;border:3px solid;background-color:transparent}.elementor-widget-text-editor:not(.elementor-drop-cap-view-default) .elementor-drop-cap{margin-top:8px}.elementor-widget-text-editor:not(.elementor-drop-cap-view-default) .elementor-drop-cap-letter{width:1em;height:1em}.elementor-widget-text-editor .elementor-drop-cap{float:left;text-align:center;line-height:1;font-size:50px}.elementor-widget-text-editor .elementor-drop-cap-letter{display:inline-block}<\/style>\t\t\t\t<p>Si vous ne connaissez pas Ang\u00e8le Paty, il s\u2019agit de la premi\u00e8re ambassadrice AURUM en France. <span style=\"text-decoration: underline;\"><a href=\"https:\/\/aurumbikes.com\/fr\/angele-paty-la-nouvelle-ambassadrice-aurum-en-france\/\">Une jeune cycliste qui n\u2019a pas froid aux yeux<\/a>.<\/span><\/p><p>Pour inaugurer <a href=\"https:\/\/aurumbikes.com\/fr\/manto\/configurer\/\">MANTO<\/a> lors d\u2019un premier trip \u00e0 v\u00e9lo, Ang\u00e8le a d\u00e9cid\u00e9 de se rendre en \u00c9cosse. Un pays qui signifie beaucoup, puisqu\u2019elle y a r\u00e9alis\u00e9 son premier voyage \u00e0 v\u00e9lo \u00e0 l\u2019\u00e2ge de 19 ans. Un voyage de 2 mois, au cours duquel elle a reli\u00e9 Montpelier (ville du sud de la France), aux \u00eeles H\u00e9brides Ext\u00e9rieures au Nord-Ouest de l&#8217;\u00c9cosse.<\/p>\t\t\t\t\t\t<\/div>\n\t\t\t\t<\/div>\n\t\t\t\t<div class=\"elementor-element elementor-element-8c300ef elementor-position-top elementor-widget elementor-widget-image-box\" data-id=\"8c300ef\" data-element_type=\"widget\" data-widget_type=\"image-box.default\">\n\t\t\t\t<div class=\"elementor-widget-container\">\n\t\t\t<style>\/*! elementor - v3.21.0 - 08-05-2024 *\/\n.elementor-widget-image-box .elementor-image-box-content{width:100%}@media (min-width:768px){.elementor-widget-image-box.elementor-position-left .elementor-image-box-wrapper,.elementor-widget-image-box.elementor-position-right .elementor-image-box-wrapper{display:flex}.elementor-widget-image-box.elementor-position-right .elementor-image-box-wrapper{text-align:end;flex-direction:row-reverse}.elementor-widget-image-box.elementor-position-left .elementor-image-box-wrapper{text-align:start;flex-direction:row}.elementor-widget-image-box.elementor-position-top .elementor-image-box-img{margin:auto}.elementor-widget-image-box.elementor-vertical-align-top .elementor-image-box-wrapper{align-items:flex-start}.elementor-widget-image-box.elementor-vertical-align-middle .elementor-image-box-wrapper{align-items:center}.elementor-widget-image-box.elementor-vertical-align-bottom .elementor-image-box-wrapper{align-items:flex-end}}@media (max-width:767px){.elementor-widget-image-box .elementor-image-box-img{margin-left:auto!important;margin-right:auto!important;margin-bottom:15px}}.elementor-widget-image-box .elementor-image-box-img{display:inline-block}.elementor-widget-image-box .elementor-image-box-title a{color:inherit}.elementor-widget-image-box .elementor-image-box-wrapper{text-align:center}.elementor-widget-image-box .elementor-image-box-description{margin:0}<\/style><div class=\"elementor-image-box-wrapper\"><figure class=\"elementor-image-box-img\"><img fetchpriority=\"high\" decoding=\"async\" width=\"1200\" height=\"800\" src=\"https:\/\/aurumbikes.com\/wp-content\/uploads\/2024\/05\/Scotland-2024-Photos-Elen-Rius-Axelle-Bellec-33.jpg\" class=\"attachment-full size-full wp-image-47720\" alt=\"\" srcset=\"https:\/\/aurumbikes.com\/wp-content\/uploads\/2024\/05\/Scotland-2024-Photos-Elen-Rius-Axelle-Bellec-33.jpg 1200w, https:\/\/aurumbikes.com\/wp-content\/uploads\/2024\/05\/Scotland-2024-Photos-Elen-Rius-Axelle-Bellec-33-300x200.jpg 300w, https:\/\/aurumbikes.com\/wp-content\/uploads\/2024\/05\/Scotland-2024-Photos-Elen-Rius-Axelle-Bellec-33-1024x683.jpg 1024w, https:\/\/aurumbikes.com\/wp-content\/uploads\/2024\/05\/Scotland-2024-Photos-Elen-Rius-Axelle-Bellec-33-768x512.jpg 768w, https:\/\/aurumbikes.com\/wp-content\/uploads\/2024\/05\/Scotland-2024-Photos-Elen-Rius-Axelle-Bellec-33-1080x720.jpg 1080w\" sizes=\"(max-width: 1200px) 100vw, 1200px\" \/><\/figure><\/div>\t\t<\/div>\n\t\t\t\t<\/div>\n\t\t\t\t<div class=\"elementor-element elementor-element-98a92e5 elementor-widget elementor-widget-text-editor\" data-id=\"98a92e5\" data-element_type=\"widget\" data-widget_type=\"text-editor.default\">\n\t\t\t\t<div class=\"elementor-widget-container\">\n\t\t\t\t\t\t\t<p><strong>Pour ce nouveau p\u00e9riple, direction l\u2019\u00eele de Skye.<\/strong><\/p><p>Le 2 mai 2024, Ang\u00e8le a d\u00e9marr\u00e9 son aventure \u00e0 v\u00e9lo \u00e0 Glasgow, en remontant vers le nord en direction de Fort William. Son itin\u00e9raire mi-route mi-gravel l\u2019a amen\u00e9e \u00e0 emprunter de nombreux chemins de la West Highland Way, une c\u00e9l\u00e8bre randonn\u00e9e qui relie Milngavie \u00e0 Fort William.<\/p>\t\t\t\t\t\t<\/div>\n\t\t\t\t<\/div>\n\t\t<div class=\"elementor-element elementor-element-52ddb0b e-flex e-con-boxed e-con e-child\" data-id=\"52ddb0b\" data-element_type=\"container\">\n\t\t\t\t\t<div class=\"e-con-inner\">\n\t\t<div class=\"elementor-element elementor-element-dad1da0 e-grid e-con-boxed e-con e-child\" data-id=\"dad1da0\" data-element_type=\"container\">\n\t\t\t\t\t<div class=\"e-con-inner\">\n\t\t\t\t<div class=\"elementor-element elementor-element-c11f364 elementor-widget elementor-widget-image\" data-id=\"c11f364\" data-element_type=\"widget\" data-widget_type=\"image.default\">\n\t\t\t\t<div class=\"elementor-widget-container\">\n\t\t\t<style>\/*! elementor - v3.21.0 - 08-05-2024 *\/\n.elementor-widget-image{text-align:center}.elementor-widget-image a{display:inline-block}.elementor-widget-image a img[src$=\".svg\"]{width:48px}.elementor-widget-image img{vertical-align:middle;display:inline-block}<\/style>\t\t\t\t\t\t\t\t\t\t<img decoding=\"async\" width=\"533\" height=\"800\" src=\"https:\/\/aurumbikes.com\/wp-content\/uploads\/2024\/05\/Scotland-2024-Photos-Elen-Rius-Axelle-Bellec-95.jpg\" class=\"attachment-large size-large wp-image-47712\" alt=\"\" srcset=\"https:\/\/aurumbikes.com\/wp-content\/uploads\/2024\/05\/Scotland-2024-Photos-Elen-Rius-Axelle-Bellec-95.jpg 533w, https:\/\/aurumbikes.com\/wp-content\/uploads\/2024\/05\/Scotland-2024-Photos-Elen-Rius-Axelle-Bellec-95-200x300.jpg 200w\" sizes=\"(max-width: 533px) 100vw, 533px\" \/>\t\t\t\t\t\t\t\t\t\t\t\t\t<\/div>\n\t\t\t\t<\/div>\n\t\t\t\t<div class=\"elementor-element elementor-element-cd426d2 elementor-widget elementor-widget-image\" data-id=\"cd426d2\" data-element_type=\"widget\" data-widget_type=\"image.default\">\n\t\t\t\t<div class=\"elementor-widget-container\">\n\t\t\t\t\t\t\t\t\t\t\t\t\t<img decoding=\"async\" width=\"533\" height=\"800\" src=\"https:\/\/aurumbikes.com\/wp-content\/uploads\/2024\/05\/Scotland-2024-Photos-Elen-Rius-Axelle-Bellec-158.jpg\" class=\"attachment-large size-large wp-image-47708\" alt=\"\" srcset=\"https:\/\/aurumbikes.com\/wp-content\/uploads\/2024\/05\/Scotland-2024-Photos-Elen-Rius-Axelle-Bellec-158.jpg 533w, https:\/\/aurumbikes.com\/wp-content\/uploads\/2024\/05\/Scotland-2024-Photos-Elen-Rius-Axelle-Bellec-158-200x300.jpg 200w\" sizes=\"(max-width: 533px) 100vw, 533px\" \/>\t\t\t\t\t\t\t\t\t\t\t\t\t<\/div>\n\t\t\t\t<\/div>\n\t\t\t\t\t<\/div>\n\t\t\t\t<\/div>\n\t\t\t\t\t<\/div>\n\t\t\t\t<\/div>\n\t\t\t\t<div class=\"elementor-element elementor-element-fb112b2 elementor-widget elementor-widget-text-editor\" data-id=\"fb112b2\" data-element_type=\"widget\" data-widget_type=\"text-editor.default\">\n\t\t\t\t<div class=\"elementor-widget-container\">\n\t\t\t\t\t\t\t<p><strong>Des chemins accident\u00e9s, du d\u00e9nivel\u00e9 et une m\u00e9t\u00e9o changeante<\/strong><\/p><p>Tous les \u00e9l\u00e9ments \u00e9taient r\u00e9unis pour challenger Ang\u00e8le aux commandes de son v\u00e9lo <a href=\"https:\/\/aurumbikes.com\/fr\/manto\/configurer\/\">MANTO<\/a>. La pr\u00e9cision de ce v\u00e9lo, sa r\u00e9activit\u00e9 et sa l\u00e9g\u00e8ret\u00e9 ont \u00e9t\u00e9 plus que mis \u00e0 profit sur des routes qui ont pouss\u00e9 Ang\u00e8le dans ses retranchements.<\/p><p><span style=\"text-decoration: underline;\"><a href=\"https:\/\/www.strava.com\/athletes\/45646794?hl\">Retrouvez les itin\u00e9raires de Ang\u00e8le sur Strava<\/a><\/span><\/p>\t\t\t\t\t\t<\/div>\n\t\t\t\t<\/div>\n\t\t\t\t<div class=\"elementor-element elementor-element-9b25ea2 elementor-widget elementor-widget-image\" data-id=\"9b25ea2\" data-element_type=\"widget\" data-widget_type=\"image.default\">\n\t\t\t\t<div class=\"elementor-widget-container\">\n\t\t\t\t\t\t\t\t\t\t\t\t\t<img loading=\"lazy\" decoding=\"async\" width=\"1200\" height=\"800\" src=\"https:\/\/aurumbikes.com\/wp-content\/uploads\/2024\/05\/Scotland-2024-Photos-Elen-Rius-Axelle-Bellec-170-1.jpg\" class=\"attachment-full size-full wp-image-47724\" alt=\"\" srcset=\"https:\/\/aurumbikes.com\/wp-content\/uploads\/2024\/05\/Scotland-2024-Photos-Elen-Rius-Axelle-Bellec-170-1.jpg 1200w, https:\/\/aurumbikes.com\/wp-content\/uploads\/2024\/05\/Scotland-2024-Photos-Elen-Rius-Axelle-Bellec-170-1-300x200.jpg 300w, https:\/\/aurumbikes.com\/wp-content\/uploads\/2024\/05\/Scotland-2024-Photos-Elen-Rius-Axelle-Bellec-170-1-1024x683.jpg 1024w, https:\/\/aurumbikes.com\/wp-content\/uploads\/2024\/05\/Scotland-2024-Photos-Elen-Rius-Axelle-Bellec-170-1-768x512.jpg 768w, https:\/\/aurumbikes.com\/wp-content\/uploads\/2024\/05\/Scotland-2024-Photos-Elen-Rius-Axelle-Bellec-170-1-1080x720.jpg 1080w\" sizes=\"(max-width: 1200px) 100vw, 1200px\" \/>\t\t\t\t\t\t\t\t\t\t\t\t\t<\/div>\n\t\t\t\t<\/div>\n\t\t\t\t<div class=\"elementor-element elementor-element-e79f97c elementor-widget elementor-widget-image\" data-id=\"e79f97c\" data-element_type=\"widget\" data-widget_type=\"image.default\">\n\t\t\t\t<div class=\"elementor-widget-container\">\n\t\t\t\t\t\t\t\t\t\t\t\t\t<img loading=\"lazy\" decoding=\"async\" width=\"1200\" height=\"650\" src=\"https:\/\/aurumbikes.com\/wp-content\/uploads\/2024\/05\/Scotland-2024-Photos-Elen-Rius-Axelle-Bellec-190-1200x650.jpg\" class=\"attachment-qi_addons_for_elementor_image_size_landscape size-qi_addons_for_elementor_image_size_landscape wp-image-47700\" alt=\"\" \/>\t\t\t\t\t\t\t\t\t\t\t\t\t<\/div>\n\t\t\t\t<\/div>\n\t\t\t\t<div class=\"elementor-element elementor-element-1eb1b8e elementor-widget elementor-widget-text-editor\" data-id=\"1eb1b8e\" data-element_type=\"widget\" data-widget_type=\"text-editor.default\">\n\t\t\t\t<div class=\"elementor-widget-container\">\n\t\t\t\t\t\t\t<p>Lors de ce voyage, Ang\u00e8le a \u00e9t\u00e9 suivie par des membres de notre \u00e9quipe afin d\u2019immortaliser ce premier grand projet men\u00e9 en collaboration entre la jeune cycliste et AURUM.<\/p><p>Un projet dont nous vous dirons plus prochainement\u00a0!<\/p>\t\t\t\t\t\t<\/div>\n\t\t\t\t<\/div>\n\t\t\t\t<div class=\"elementor-element elementor-element-fef7fb5 elementor-widget elementor-widget-image\" data-id=\"fef7fb5\" data-element_type=\"widget\" data-widget_type=\"image.default\">\n\t\t\t\t<div class=\"elementor-widget-container\">\n\t\t\t\t\t\t\t\t\t\t\t\t\t<img loading=\"lazy\" decoding=\"async\" width=\"1200\" height=\"800\" src=\"https:\/\/aurumbikes.com\/wp-content\/uploads\/2024\/05\/Scotland-2024-Photos-Elen-Rius-Axelle-Bellec-53.jpg\" class=\"attachment-full size-full wp-image-47716\" alt=\"\" srcset=\"https:\/\/aurumbikes.com\/wp-content\/uploads\/2024\/05\/Scotland-2024-Photos-Elen-Rius-Axelle-Bellec-53.jpg 1200w, https:\/\/aurumbikes.com\/wp-content\/uploads\/2024\/05\/Scotland-2024-Photos-Elen-Rius-Axelle-Bellec-53-300x200.jpg 300w, https:\/\/aurumbikes.com\/wp-content\/uploads\/2024\/05\/Scotland-2024-Photos-Elen-Rius-Axelle-Bellec-53-1024x683.jpg 1024w, https:\/\/aurumbikes.com\/wp-content\/uploads\/2024\/05\/Scotland-2024-Photos-Elen-Rius-Axelle-Bellec-53-768x512.jpg 768w, https:\/\/aurumbikes.com\/wp-content\/uploads\/2024\/05\/Scotland-2024-Photos-Elen-Rius-Axelle-Bellec-53-1080x720.jpg 1080w\" sizes=\"(max-width: 1200px) 100vw, 1200px\" \/>\t\t\t\t\t\t\t\t\t\t\t\t\t<\/div>\n\t\t\t\t<\/div>\n\t\t\t\t<div class=\"elementor-element elementor-element-1acca1d elementor-widget elementor-widget-text-editor\" data-id=\"1acca1d\" data-element_type=\"widget\" data-widget_type=\"text-editor.default\">\n\t\t\t\t<div class=\"elementor-widget-container\">\n\t\t\t\t\t\t\t<p>Merci \u00e0 la compagnie de location de v\u00e9hicule <a href=\"https:\/\/www.arnoldclarkrental.com\/\">Arnold Clark<\/a>, partenaire de ce voyage.<em>\u00a0<\/em><\/p><p><em>Autres marques partenaires<\/em><\/p><ul><li>Nutrition\u00a0: <a href=\"https:\/\/www.ta-energy.com\/\">TA<\/a><\/li><li>Montre\u00a0: <a href=\"https:\/\/www.tissotwatches.com\/\">Tissot<\/a><\/li><li>Roues\u00a0: <a href=\"https:\/\/www.mavic.com\/\">Mavic<\/a><\/li><li>Tenues\u00a0de v\u00e9lo : <a href=\"https:\/\/www.wilma.cc\/\">Wilma<\/a><\/li><li>Tenues off bike\u00a0: <a href=\"https:\/\/www.nnormal.com\/\">Nnormal<\/a><\/li><li>Mat\u00e9riel de outdoor\u00a0: <a href=\"https:\/\/www.vaude.com\/\">Vaude<\/a><\/li><\/ul>\t\t\t\t\t\t<\/div>\n\t\t\t\t<\/div>\n\t\t\t\t\t<\/div>\n\t\t\t\t<\/div>\n\t\t\t\t<\/div>\n\t\t","protected":false},"excerpt":{"rendered":"<p>Si vous ne connaissez pas Ang\u00e8le Paty, il s\u2019agit de la premi\u00e8re ambassadrice AURUM en France. Une jeune cycliste qui n\u2019a pas froid aux yeux. Pour inaugurer MANTO lors d\u2019un premier trip \u00e0 v\u00e9lo, Ang\u00e8le a d\u00e9cid\u00e9 de se rendre en \u00c9cosse. Un pays qui signifie beaucoup, puisqu\u2019elle y a r\u00e9alis\u00e9 son premier voyage \u00e0 [&hellip;]<\/p>\n","protected":false},"author":1,"featured_media":47721,"comment_status":"closed","ping_status":"closed","sticky":false,"template":"","format":"standard","meta":{"footnotes":"","mc4wp_mailchimp_campaign":[]},"categories":[],"tags":[],"yoast_head":"<!-- This site is optimized with the Yoast SEO plugin v22.6 - https:\/\/yoast.com\/wordpress\/plugins\/seo\/ -->\n<title>\u00c9cosse, terre de voyage avec MANTO - Aurum Bikes<\/title>\n<meta name=\"description\" content=\"Si vous ne connaissez pas Ang\u00e8le Paty, il s\u2019agit de la premi\u00e8re ambassadrice AURUM en France. Une jeune cycliste qui n\u2019a pas froid aux yeux.Pour inaugurer\" \/>\n<meta name=\"robots\" content=\"index, follow, max-snippet:-1, max-image-preview:large, max-video-preview:-1\" \/>\n<link rel=\"canonical\" href=\"https:\/\/aurumbikes.com\/fr\/ecosse-terre-de-voyage-avec-manto\/\" \/>\n<meta property=\"og:locale\" content=\"fr_FR\" \/>\n<meta property=\"og:type\" content=\"article\" \/>\n<meta property=\"og:title\" content=\"\u00c9cosse, terre de voyage avec MANTO - Aurum Bikes\" \/>\n<meta property=\"og:description\" content=\"Si vous ne connaissez pas Ang\u00e8le Paty, il s\u2019agit de la premi\u00e8re ambassadrice AURUM en France. Une jeune cycliste qui n\u2019a pas froid aux yeux.Pour inaugurer\" \/>\n<meta property=\"og:url\" content=\"https:\/\/aurumbikes.com\/fr\/ecosse-terre-de-voyage-avec-manto\/\" \/>\n<meta property=\"og:site_name\" content=\"Aurum Bikes\" \/>\n<meta property=\"article:publisher\" content=\"https:\/\/www.facebook.com\/AURUMbikes\" \/>\n<meta property=\"article:published_time\" content=\"2024-05-20T15:52:55+00:00\" \/>\n<meta property=\"article:modified_time\" content=\"2024-05-20T16:40:33+00:00\" \/>\n<meta property=\"og:image\" content=\"https:\/\/aurumbikes.com\/wp-content\/uploads\/2024\/05\/Scotland-2024-Photos-Elen-Rius-Axelle-Bellec-33.jpg\" \/>\n\t<meta property=\"og:image:width\" content=\"1200\" \/>\n\t<meta property=\"og:image:height\" content=\"800\" \/>\n\t<meta property=\"og:image:type\" content=\"image\/jpeg\" \/>\n<meta name=\"author\" content=\"admin\" \/>\n<meta name=\"twitter:card\" content=\"summary_large_image\" \/>\n<meta name=\"twitter:label1\" content=\"\u00c9crit par\" \/>\n\t<meta name=\"twitter:data1\" content=\"admin\" \/>\n\t<meta name=\"twitter:label2\" content=\"Dur\u00e9e de lecture estim\u00e9e\" \/>\n\t<meta name=\"twitter:data2\" content=\"3 minutes\" \/>\n<script type=\"application\/ld+json\" class=\"yoast-schema-graph\">{\"@context\":\"https:\/\/schema.org\",\"@graph\":[{\"@type\":\"WebPage\",\"@id\":\"https:\/\/aurumbikes.com\/fr\/ecosse-terre-de-voyage-avec-manto\/\",\"url\":\"https:\/\/aurumbikes.com\/fr\/ecosse-terre-de-voyage-avec-manto\/\",\"name\":\"\u00c9cosse, terre de voyage avec MANTO - Aurum Bikes\",\"isPartOf\":{\"@id\":\"https:\/\/aurumbikes.com\/fr\/#website\"},\"primaryImageOfPage\":{\"@id\":\"https:\/\/aurumbikes.com\/fr\/ecosse-terre-de-voyage-avec-manto\/#primaryimage\"},\"image\":{\"@id\":\"https:\/\/aurumbikes.com\/fr\/ecosse-terre-de-voyage-avec-manto\/#primaryimage\"},\"thumbnailUrl\":\"https:\/\/aurumbikes.com\/wp-content\/uploads\/2024\/05\/Scotland-2024-Photos-Elen-Rius-Axelle-Bellec-33.jpg\",\"datePublished\":\"2024-05-20T15:52:55+00:00\",\"dateModified\":\"2024-05-20T16:40:33+00:00\",\"author\":{\"@id\":\"https:\/\/aurumbikes.com\/fr\/#\/schema\/person\/bdbf61255aaab7d4687d302b903ae051\"},\"description\":\"Si vous ne connaissez pas Ang\u00e8le Paty, il s\u2019agit de la premi\u00e8re ambassadrice AURUM en France. Une jeune cycliste qui n\u2019a pas froid aux yeux.Pour inaugurer\",\"breadcrumb\":{\"@id\":\"https:\/\/aurumbikes.com\/fr\/ecosse-terre-de-voyage-avec-manto\/#breadcrumb\"},\"inLanguage\":\"fr-FR\",\"potentialAction\":[{\"@type\":\"ReadAction\",\"target\":[\"https:\/\/aurumbikes.com\/fr\/ecosse-terre-de-voyage-avec-manto\/\"]}]},{\"@type\":\"ImageObject\",\"inLanguage\":\"fr-FR\",\"@id\":\"https:\/\/aurumbikes.com\/fr\/ecosse-terre-de-voyage-avec-manto\/#primaryimage\",\"url\":\"https:\/\/aurumbikes.com\/wp-content\/uploads\/2024\/05\/Scotland-2024-Photos-Elen-Rius-Axelle-Bellec-33.jpg\",\"contentUrl\":\"https:\/\/aurumbikes.com\/wp-content\/uploads\/2024\/05\/Scotland-2024-Photos-Elen-Rius-Axelle-Bellec-33.jpg\",\"width\":1200,\"height\":800},{\"@type\":\"BreadcrumbList\",\"@id\":\"https:\/\/aurumbikes.com\/fr\/ecosse-terre-de-voyage-avec-manto\/#breadcrumb\",\"itemListElement\":[{\"@type\":\"ListItem\",\"position\":1,\"name\":\"Home\",\"item\":\"https:\/\/aurumbikes.com\/fr\/\"},{\"@type\":\"ListItem\",\"position\":2,\"name\":\"\u00c9cosse, terre de voyage avec MANTO\"}]},{\"@type\":\"WebSite\",\"@id\":\"https:\/\/aurumbikes.com\/fr\/#website\",\"url\":\"https:\/\/aurumbikes.com\/fr\/\",\"name\":\"Aurum Bikes\",\"description\":\"Born From Experience\",\"potentialAction\":[{\"@type\":\"SearchAction\",\"target\":{\"@type\":\"EntryPoint\",\"urlTemplate\":\"https:\/\/aurumbikes.com\/fr\/?s={search_term_string}\"},\"query-input\":\"required name=search_term_string\"}],\"inLanguage\":\"fr-FR\"},{\"@type\":\"Person\",\"@id\":\"https:\/\/aurumbikes.com\/fr\/#\/schema\/person\/bdbf61255aaab7d4687d302b903ae051\",\"name\":\"admin\",\"image\":{\"@type\":\"ImageObject\",\"inLanguage\":\"fr-FR\",\"@id\":\"https:\/\/aurumbikes.com\/fr\/#\/schema\/person\/image\/\",\"url\":\"https:\/\/secure.gravatar.com\/avatar\/5e0c1d598f3d4606615882fdf35f6031?s=96&d=mm&r=g\",\"contentUrl\":\"https:\/\/secure.gravatar.com\/avatar\/5e0c1d598f3d4606615882fdf35f6031?s=96&d=mm&r=g\",\"caption\":\"admin\"}}]}<\/script>\n<!-- \/ Yoast SEO plugin. -->","yoast_head_json":{"title":"\u00c9cosse, terre de voyage avec MANTO - Aurum Bikes","description":"Si vous ne connaissez pas Ang\u00e8le Paty, il s\u2019agit de la premi\u00e8re ambassadrice AURUM en France. Une jeune cycliste qui n\u2019a pas froid aux yeux.Pour inaugurer","robots":{"index":"index","follow":"follow","max-snippet":"max-snippet:-1","max-image-preview":"max-image-preview:large","max-video-preview":"max-video-preview:-1"},"canonical":"https:\/\/aurumbikes.com\/fr\/ecosse-terre-de-voyage-avec-manto\/","og_locale":"fr_FR","og_type":"article","og_title":"\u00c9cosse, terre de voyage avec MANTO - Aurum Bikes","og_description":"Si vous ne connaissez pas Ang\u00e8le Paty, il s\u2019agit de la premi\u00e8re ambassadrice AURUM en France. Une jeune cycliste qui n\u2019a pas froid aux yeux.Pour inaugurer","og_url":"https:\/\/aurumbikes.com\/fr\/ecosse-terre-de-voyage-avec-manto\/","og_site_name":"Aurum Bikes","article_publisher":"https:\/\/www.facebook.com\/AURUMbikes","article_published_time":"2024-05-20T15:52:55+00:00","article_modified_time":"2024-05-20T16:40:33+00:00","og_image":[{"width":1200,"height":800,"url":"https:\/\/aurumbikes.com\/wp-content\/uploads\/2024\/05\/Scotland-2024-Photos-Elen-Rius-Axelle-Bellec-33.jpg","type":"image\/jpeg"}],"author":"admin","twitter_card":"summary_large_image","twitter_misc":{"\u00c9crit par":"admin","Dur\u00e9e de lecture estim\u00e9e":"3 minutes"},"schema":{"@context":"https:\/\/schema.org","@graph":[{"@type":"WebPage","@id":"https:\/\/aurumbikes.com\/fr\/ecosse-terre-de-voyage-avec-manto\/","url":"https:\/\/aurumbikes.com\/fr\/ecosse-terre-de-voyage-avec-manto\/","name":"\u00c9cosse, terre de voyage avec MANTO - Aurum Bikes","isPartOf":{"@id":"https:\/\/aurumbikes.com\/fr\/#website"},"primaryImageOfPage":{"@id":"https:\/\/aurumbikes.com\/fr\/ecosse-terre-de-voyage-avec-manto\/#primaryimage"},"image":{"@id":"https:\/\/aurumbikes.com\/fr\/ecosse-terre-de-voyage-avec-manto\/#primaryimage"},"thumbnailUrl":"https:\/\/aurumbikes.com\/wp-content\/uploads\/2024\/05\/Scotland-2024-Photos-Elen-Rius-Axelle-Bellec-33.jpg","datePublished":"2024-05-20T15:52:55+00:00","dateModified":"2024-05-20T16:40:33+00:00","author":{"@id":"https:\/\/aurumbikes.com\/fr\/#\/schema\/person\/bdbf61255aaab7d4687d302b903ae051"},"description":"Si vous ne connaissez pas Ang\u00e8le Paty, il s\u2019agit de la premi\u00e8re ambassadrice AURUM en France. Une jeune cycliste qui n\u2019a pas froid aux yeux.Pour inaugurer","breadcrumb":{"@id":"https:\/\/aurumbikes.com\/fr\/ecosse-terre-de-voyage-avec-manto\/#breadcrumb"},"inLanguage":"fr-FR","potentialAction":[{"@type":"ReadAction","target":["https:\/\/aurumbikes.com\/fr\/ecosse-terre-de-voyage-avec-manto\/"]}]},{"@type":"ImageObject","inLanguage":"fr-FR","@id":"https:\/\/aurumbikes.com\/fr\/ecosse-terre-de-voyage-avec-manto\/#primaryimage","url":"https:\/\/aurumbikes.com\/wp-content\/uploads\/2024\/05\/Scotland-2024-Photos-Elen-Rius-Axelle-Bellec-33.jpg","contentUrl":"https:\/\/aurumbikes.com\/wp-content\/uploads\/2024\/05\/Scotland-2024-Photos-Elen-Rius-Axelle-Bellec-33.jpg","width":1200,"height":800},{"@type":"BreadcrumbList","@id":"https:\/\/aurumbikes.com\/fr\/ecosse-terre-de-voyage-avec-manto\/#breadcrumb","itemListElement":[{"@type":"ListItem","position":1,"name":"Home","item":"https:\/\/aurumbikes.com\/fr\/"},{"@type":"ListItem","position":2,"name":"\u00c9cosse, terre de voyage avec MANTO"}]},{"@type":"WebSite","@id":"https:\/\/aurumbikes.com\/fr\/#website","url":"https:\/\/aurumbikes.com\/fr\/","name":"Aurum Bikes","description":"Born From Experience","potentialAction":[{"@type":"SearchAction","target":{"@type":"EntryPoint","urlTemplate":"https:\/\/aurumbikes.com\/fr\/?s={search_term_string}"},"query-input":"required name=search_term_string"}],"inLanguage":"fr-FR"},{"@type":"Person","@id":"https:\/\/aurumbikes.com\/fr\/#\/schema\/person\/bdbf61255aaab7d4687d302b903ae051","name":"admin","image":{"@type":"ImageObject","inLanguage":"fr-FR","@id":"https:\/\/aurumbikes.com\/fr\/#\/schema\/person\/image\/","url":"https:\/\/secure.gravatar.com\/avatar\/5e0c1d598f3d4606615882fdf35f6031?s=96&d=mm&r=g","contentUrl":"https:\/\/secure.gravatar.com\/avatar\/5e0c1d598f3d4606615882fdf35f6031?s=96&d=mm&r=g","caption":"admin"}}]}},"_links":{"self":[{"href":"https:\/\/aurumbikes.com\/fr\/wp-json\/wp\/v2\/posts\/47733"}],"collection":[{"href":"https:\/\/aurumbikes.com\/fr\/wp-json\/wp\/v2\/posts"}],"about":[{"href":"https:\/\/aurumbikes.com\/fr\/wp-json\/wp\/v2\/types\/post"}],"author":[{"embeddable":true,"href":"https:\/\/aurumbikes.com\/fr\/wp-json\/wp\/v2\/users\/1"}],"replies":[{"embeddable":true,"href":"https:\/\/aurumbikes.com\/fr\/wp-json\/wp\/v2\/comments?post=47733"}],"version-history":[{"count":4,"href":"https:\/\/aurumbikes.com\/fr\/wp-json\/wp\/v2\/posts\/47733\/revisions"}],"predecessor-version":[{"id":47740,"href":"https:\/\/aurumbikes.com\/fr\/wp-json\/wp\/v2\/posts\/47733\/revisions\/47740"}],"wp:featuredmedia":[{"embeddable":true,"href":"https:\/\/aurumbikes.com\/fr\/wp-json\/wp\/v2\/media\/47721"}],"wp:attachment":[{"href":"https:\/\/aurumbikes.com\/fr\/wp-json\/wp\/v2\/media?parent=47733"}],"wp:term":[{"taxonomy":"category","embeddable":true,"href":"https:\/\/aurumbikes.com\/fr\/wp-json\/wp\/v2\/categories?post=47733"},{"taxonomy":"post_tag","embeddable":true,"href":"https:\/\/aurumbikes.com\/fr\/wp-json\/wp\/v2\/tags?post=47733"}],"curies":[{"name":"wp","href":"https:\/\/api.w.org\/{rel}","templated":true}]}}